{"id":49949,"date":"2025-04-18T12:07:18","date_gmt":"2025-04-18T10:07:18","guid":{"rendered":"https:\/\/jmp-ch.org\/?p=49949"},"modified":"2025-04-10T16:59:22","modified_gmt":"2025-04-10T14:59:22","slug":"reporterinnen-mal-anders","status":"publish","type":"post","link":"https:\/\/jmp-ch.org\/de\/reporterinnen-mal-anders\/","title":{"rendered":"Reporter*innen mal anders"},"content":{"rendered":"\t\t<div data-elementor-type=\"wp-post\" data-elementor-id=\"49949\" class=\"elementor elementor-49949\" data-elementor-post-type=\"post\">\n\t\t\t\t<div class=\"elementor-element elementor-element-10f3091 e-flex e-con-boxed e-con e-parent\" data-id=\"10f3091\" data-element_type=\"container\" data-e-type=\"container\" data-settings=\"{&quot;background_background&quot;:&quot;classic&quot;}\">\n\t\t\t\t\t<div class=\"e-con-inner\">\n\t\t<div class=\"elementor-element elementor-element-aa5a547 e-flex e-con-boxed e-con e-child\" data-id=\"aa5a547\" data-element_type=\"container\" data-e-type=\"container\" data-settings=\"{&quot;background_background&quot;:&quot;classic&quot;}\">\n\t\t\t\t\t<div class=\"e-con-inner\">\n\t\t\t\t<div class=\"elementor-element elementor-element-444adec elementor-widget elementor-widget-image\" data-id=\"444adec\" data-element_type=\"widget\" data-e-type=\"widget\" data-widget_type=\"image.default\">\n\t\t\t\t\t\t\t\t\t\t\t\t\t\t\t<img fetchpriority=\"high\" decoding=\"async\" width=\"1140\" height=\"400\" src=\"https:\/\/jmp-ch.org\/wp-content\/uploads\/2025\/04\/Copie-de-Photo-du-haut-actualites-10.jpg\" class=\"attachment-full size-full wp-image-49954\" alt=\"\" srcset=\"https:\/\/jmp-ch.org\/wp-content\/uploads\/2025\/04\/Copie-de-Photo-du-haut-actualites-10.jpg 1140w, https:\/\/jmp-ch.org\/wp-content\/uploads\/2025\/04\/Copie-de-Photo-du-haut-actualites-10-300x105.jpg 300w, https:\/\/jmp-ch.org\/wp-content\/uploads\/2025\/04\/Copie-de-Photo-du-haut-actualites-10-1024x359.jpg 1024w, https:\/\/jmp-ch.org\/wp-content\/uploads\/2025\/04\/Copie-de-Photo-du-haut-actualites-10-768x269.jpg 768w\" sizes=\"(max-width: 1140px) 100vw, 1140px\" \/>\t\t\t\t\t\t\t\t\t\t\t\t\t\t\t<\/div>\n\t\t<div class=\"elementor-element elementor-element-3f77150 e-con-full titreetdate e-flex e-con e-child\" data-id=\"3f77150\" data-element_type=\"container\" data-e-type=\"container\" data-settings=\"{&quot;background_background&quot;:&quot;classic&quot;}\">\n\t\t\t\t<div class=\"elementor-element elementor-element-bd26225 elementor-widget-mobile__width-initial elementor-widget elementor-widget-heading\" data-id=\"bd26225\" data-element_type=\"widget\" data-e-type=\"widget\" data-widget_type=\"heading.default\">\n\t\t\t\t\t<h1 class=\"elementor-heading-title elementor-size-default\">Reporter*innen mal anders<\/h1>\t\t\t\t<\/div>\n\t\t\t\t<div class=\"elementor-element elementor-element-b3ca2ae actu_date elementor-widget elementor-widget-post-info\" data-id=\"b3ca2ae\" data-element_type=\"widget\" data-e-type=\"widget\" data-widget_type=\"post-info.default\">\n\t\t\t\t\t\t\t<ul class=\"elementor-inline-items elementor-icon-list-items elementor-post-info\">\n\t\t\t\t\t\t\t\t<li class=\"elementor-icon-list-item elementor-repeater-item-1945741 elementor-inline-item\" itemprop=\"datePublished\">\n\t\t\t\t\t\t\t\t\t\t\t\t\t<span class=\"elementor-icon-list-text elementor-post-info__item elementor-post-info__item--type-date\">\n\t\t\t\t\t\t\t\t\t\t<time>18 April 2025<\/time>\t\t\t\t\t<\/span>\n\t\t\t\t\t\t\t\t<\/li>\n\t\t\t\t<\/ul>\n\t\t\t\t\t\t<\/div>\n\t\t\t\t<\/div>\n\t\t<div class=\"elementor-element elementor-element-18dd63e e-con-full e-flex e-con e-child\" data-id=\"18dd63e\" data-element_type=\"container\" data-e-type=\"container\">\n\t\t<div class=\"elementor-element elementor-element-9c676da e-con-full e-flex e-con e-child\" data-id=\"9c676da\" data-element_type=\"container\" data-e-type=\"container\">\n\t\t<div class=\"elementor-element elementor-element-d81932b e-con-full e-flex e-con e-child\" data-id=\"d81932b\" data-element_type=\"container\" data-e-type=\"container\">\n\t\t\t\t<div class=\"elementor-element elementor-element-4585500 elementor-widget elementor-widget-text-editor\" data-id=\"4585500\" data-element_type=\"widget\" data-e-type=\"widget\" data-widget_type=\"text-editor.default\">\n\t\t\t\t\t\t\t\t\t<p>Statt wie gewohnt \u00fcber mehrere Wochen hinweg, wagte das Gymnasium Interlaken ein Experiment und f\u00fchrte das Programm als interdisziplin\u00e4res Atelier w\u00e4hrend einer Projektwoche im M\u00e4rz 2025 durch.<\/p><p>F\u00fcnf Tage lang schl\u00fcpften die Sch\u00fclerinnen und Sch\u00fcler in die Rolle von Reporter*innen, erlernten das journalistische Handwerk und interviewten lokale Nachhaltigkeitsakteur*innen. Dabei entstanden spannende Zeitungsartikel zu Themen wie Wasserkraft, Nachhaltigkeit in der Hotellerie oder innovative Wohnformen \u2013 und das alles in k\u00fcrzester Zeit!<\/p><p>Das Atelier st\u00e4rkte nicht nur die Teamarbeit und Selbstst\u00e4ndigkeit der Jugendlichen, sondern f\u00f6rderte auch ihr Verst\u00e4ndnis f\u00fcr die komplexen Fragen der nachhaltigen Entwicklung und deren Auspr\u00e4gung in Interlaken und Umgebung. Die positiven R\u00fcckmeldungen der Sch\u00fclerinnen und Sch\u00fcler sprechen f\u00fcr sich:<\/p><p>Flurina: \u00abIch fand den Einstieg von J&#8217;aime ma Plan\u00e8te sehr interessant und man hat einen guten Einblick in das Thema bekommen. Durch die selbst\u00e4ndige Arbeit habe ich einiges Neues zum Thema Nachhaltigkeit gelernt.\u00bb<\/p><p>Livia: \u00abMir hat die Projektwoche sehr gut gefallen, da wir uns die Ziele selber einteilen konnten und wirklich intensiv an etwas arbeiten konnten, ohne nach zwei Lektionen das Thema zu \u00e4ndern. Die Interviews durchzuf\u00fchren war eine neue Erfahrung und hat Spass gemacht. Ich denke, dass das Thema eine gute Vorbereitung f\u00fcr die Maturaarbeit ist. (\u2026). Die Projektwoche war eine sch\u00f6ne Abwechslung zum sonstigen Schulalltag.\u00bb<\/p>\t\t\t\t\t\t\t\t<\/div>\n\t\t\t\t<\/div>\n\t\t<div class=\"elementor-element elementor-element-dc800c8 e-con-full e-flex e-con e-child\" data-id=\"dc800c8\" data-element_type=\"container\" data-e-type=\"container\">\n\t\t\t\t<div class=\"elementor-element elementor-element-3fef114 photo507x400 elementor-widget elementor-widget-image\" data-id=\"3fef114\" data-element_type=\"widget\" data-e-type=\"widget\" data-widget_type=\"image.default\">\n\t\t\t\t\t\t\t\t\t\t\t\t\t\t\t<img decoding=\"async\" width=\"2500\" height=\"1875\" src=\"https:\/\/jmp-ch.org\/wp-content\/uploads\/2025\/04\/Interlaken2.jpg\" class=\"attachment-full size-full wp-image-49950\" alt=\"\" srcset=\"https:\/\/jmp-ch.org\/wp-content\/uploads\/2025\/04\/Interlaken2.jpg 2500w, https:\/\/jmp-ch.org\/wp-content\/uploads\/2025\/04\/Interlaken2-300x225.jpg 300w, https:\/\/jmp-ch.org\/wp-content\/uploads\/2025\/04\/Interlaken2-1024x768.jpg 1024w, https:\/\/jmp-ch.org\/wp-content\/uploads\/2025\/04\/Interlaken2-768x576.jpg 768w, https:\/\/jmp-ch.org\/wp-content\/uploads\/2025\/04\/Interlaken2-1536x1152.jpg 1536w, https:\/\/jmp-ch.org\/wp-content\/uploads\/2025\/04\/Interlaken2-2048x1536.jpg 2048w\" sizes=\"(max-width: 2500px) 100vw, 2500px\" \/>\t\t\t\t\t\t\t\t\t\t\t\t\t\t\t<\/div>\n\t\t\t\t<div class=\"elementor-element elementor-element-3a96a53 elementor-widget elementor-widget-text-editor\" data-id=\"3a96a53\" data-element_type=\"widget\" data-e-type=\"widget\" data-widget_type=\"text-editor.default\">\n\t\t\t\t\t\t\t\t\t<p>Francisca: \u00abIch fand den Einstieg von J&#8217;aime ma Plan\u00e8te sehr interessant und hilfreich. Man hat einen guten Einblick in das Thema bekommen und konnte es sp\u00e4ter anwenden.\u00bb<\/p><p>Romina: \u00abIch fand es eine super \u00dcbung, ein Interview zu machen und dar\u00fcber zu schreiben.\u00bb<\/p><p>Unser herzlicher Dank geht an die Lehrpersonen des Gymnasiums Interlaken, die die Projektwoche mit viel Engagement und Offenheit erm\u00f6glicht und begleitet haben.<\/p>\t\t\t\t\t\t\t\t<\/div>\n\t\t\t\t<\/div>\n\t\t\t\t<\/div>\n\t\t\t\t<\/div>\n\t\t\t\t\t<\/div>\n\t\t\t\t<\/div>\n\t\t\t\t\t<\/div>\n\t\t\t\t<\/div>\n\t\t<div class=\"elementor-element elementor-element-929d4e3 e-flex e-con-boxed e-con e-parent\" data-id=\"929d4e3\" data-element_type=\"container\" data-e-type=\"container\">\n\t\t\t\t\t<div class=\"e-con-inner\">\n\t\t\t\t<div class=\"elementor-element elementor-element-42e3e2c elementor-widget elementor-widget-post-navigation\" data-id=\"42e3e2c\" data-element_type=\"widget\" data-e-type=\"widget\" data-widget_type=\"post-navigation.default\">\n\t\t\t\t\t\t\t<div class=\"elementor-post-navigation\" role=\"navigation\" aria-label=\"Beitrag Navigation\">\n\t\t\t<div class=\"elementor-post-navigation__prev elementor-post-navigation__link\">\n\t\t\t\t<a href=\"https:\/\/jmp-ch.org\/de\/ziele-fuer-nachhaltige-entwicklung-ist-alle-hoffnung-verloren\/\" rel=\"prev\"><span class=\"elementor-post-navigation__link__prev\"><\/span><\/a>\t\t\t<\/div>\n\t\t\t\t\t\t<div class=\"elementor-post-navigation__next elementor-post-navigation__link\">\n\t\t\t\t<a href=\"https:\/\/jmp-ch.org\/de\/resultate-wettbewerb-jru-2025\/\" rel=\"next\"><span class=\"elementor-post-navigation__link__next\"><\/span><\/a>\t\t\t<\/div>\n\t\t<\/div>\n\t\t\t\t\t\t<\/div>\n\t\t\t\t<div class=\"elementor-element elementor-element-c678074 elementor-widget__width-initial e-transform elementor-widget elementor-widget-text-editor\" data-id=\"c678074\" data-element_type=\"widget\" data-e-type=\"widget\" data-settings=\"{&quot;_transform_scale_effect_hover&quot;:{&quot;unit&quot;:&quot;px&quot;,&quot;size&quot;:0.99,&quot;sizes&quot;:[]},&quot;_transform_scale_effect_hover_tablet&quot;:{&quot;unit&quot;:&quot;px&quot;,&quot;size&quot;:&quot;&quot;,&quot;sizes&quot;:[]},&quot;_transform_scale_effect_hover_mobile&quot;:{&quot;unit&quot;:&quot;px&quot;,&quot;size&quot;:&quot;&quot;,&quot;sizes&quot;:[]}}\" data-widget_type=\"text-editor.default\">\n\t\t\t\t\t\t\t\t\t<p style=\"text-align: center;\">ALLE NEWS<\/p>\t\t\t\t\t\t\t\t<\/div>\n\t\t\t\t\t<\/div>\n\t\t\t\t<\/div>\n\t\t\t\t<\/div>\n\t\t","protected":false},"excerpt":{"rendered":"<p>Das Gymnasium Interlaken setzte das Programm Junge Reporter*innen f\u00fcr die Umwelt auf besondere Weise um\u2026<\/p>\n","protected":false},"author":5,"featured_media":49950,"comment_status":"closed","ping_status":"closed","sticky":false,"template":"","format":"standard","meta":{"iawp_total_views":32,"footnotes":""},"categories":[76],"tags":[],"class_list":["post-49949","post","type-post","status-publish","format-standard","has-post-thumbnail","hentry","category-junge-reportinnen-fuer-die-umwelt"],"_links":{"self":[{"href":"https:\/\/jmp-ch.org\/de\/wp-json\/wp\/v2\/posts\/49949","targetHints":{"allow":["GET"]}}],"collection":[{"href":"https:\/\/jmp-ch.org\/de\/wp-json\/wp\/v2\/posts"}],"about":[{"href":"https:\/\/jmp-ch.org\/de\/wp-json\/wp\/v2\/types\/post"}],"author":[{"embeddable":true,"href":"https:\/\/jmp-ch.org\/de\/wp-json\/wp\/v2\/users\/5"}],"replies":[{"embeddable":true,"href":"https:\/\/jmp-ch.org\/de\/wp-json\/wp\/v2\/comments?post=49949"}],"version-history":[{"count":4,"href":"https:\/\/jmp-ch.org\/de\/wp-json\/wp\/v2\/posts\/49949\/revisions"}],"predecessor-version":[{"id":49993,"href":"https:\/\/jmp-ch.org\/de\/wp-json\/wp\/v2\/posts\/49949\/revisions\/49993"}],"wp:featuredmedia":[{"embeddable":true,"href":"https:\/\/jmp-ch.org\/de\/wp-json\/wp\/v2\/media\/49950"}],"wp:attachment":[{"href":"https:\/\/jmp-ch.org\/de\/wp-json\/wp\/v2\/media?parent=49949"}],"wp:term":[{"taxonomy":"category","embeddable":true,"href":"https:\/\/jmp-ch.org\/de\/wp-json\/wp\/v2\/categories?post=49949"},{"taxonomy":"post_tag","embeddable":true,"href":"https:\/\/jmp-ch.org\/de\/wp-json\/wp\/v2\/tags?post=49949"}],"curies":[{"name":"wp","href":"https:\/\/api.w.org\/{rel}","templated":true}]}}